{"id":29995,"date":"2025-05-30T13:15:00","date_gmt":"2025-05-30T12:15:00","guid":{"rendered":"https:\/\/www.espv.org\/new\/?p=29995"},"modified":"2026-03-08T17:12:33","modified_gmt":"2026-03-08T16:12:33","slug":"premier-rapport-mondial-sur-la-sante-animale","status":"publish","type":"post","link":"https:\/\/www.espv.org\/new\/premier-rapport-mondial-sur-la-sante-animale\/","title":{"rendered":"\ud83d\udcf0 Premier rapport mondial sur la sant\u00e9 animale : une alerte \u00e0 prendre au s\u00e9rieux pour l\u2019Afrique"},"content":{"rendered":"\n<figure class=\"wp-block-image size-full\"><img loading=\"lazy\" decoding=\"async\" width=\"1024\" height=\"1024\" src=\"https:\/\/www.espv.org\/new\/wp-content\/uploads\/2025\/08\/image.png\" alt=\"\" class=\"wp-image-29996\" srcset=\"https:\/\/www.espv.org\/new\/wp-content\/uploads\/2025\/08\/image.png 1024w, https:\/\/www.espv.org\/new\/wp-content\/uploads\/2025\/08\/image-300x300.png 300w, https:\/\/www.espv.org\/new\/wp-content\/uploads\/2025\/08\/image-150x150.png 150w, https:\/\/www.espv.org\/new\/wp-content\/uploads\/2025\/08\/image-768x768.png 768w, https:\/\/www.espv.org\/new\/wp-content\/uploads\/2025\/08\/image-450x450.png 450w, https:\/\/www.espv.org\/new\/wp-content\/uploads\/2025\/08\/image-106x106.png 106w, https:\/\/www.espv.org\/new\/wp-content\/uploads\/2025\/08\/image-560x560.png 560w, https:\/\/www.espv.org\/new\/wp-content\/uploads\/2025\/08\/image-80x80.png 80w\" sizes=\"auto, (max-width: 1024px) 100vw, 1024px\" \/><\/figure>\n\n\n\n<p>L\u2019Organisation mondiale de la sant\u00e9 animale (OMSA) a publi\u00e9 le tout premier rapport sur l\u2019\u00e9tat mondial de la sant\u00e9 animale. Le constat est sans appel : les maladies animales \u00e9voluent, s\u2019\u00e9tendent \u00e0 de nouvelles zones, et pr\u00e8s de la moiti\u00e9 d\u2019entre elles sont zoonotiques, c\u2019est-\u00e0-dire transmissibles \u00e0 l\u2019homme. Une dynamique qui menace la s\u00e9curit\u00e9 alimentaire, le commerce international, les moyens de subsistance des \u00e9leveurs, et l\u2019\u00e9quilibre des \u00e9cosyst\u00e8mes.<\/p>\n\n\n\n<h4 class=\"wp-block-heading\">\ud83d\udccc Ce qu\u2019il faut retenir :<\/h4>\n\n\n\n<ul class=\"wp-block-list\">\n<li><strong>47 %<\/strong> des maladies signal\u00e9es ont un potentiel zoonotique.<\/li>\n\n\n\n<li>Les <strong>flamb\u00e9es de grippe aviaire chez les mammif\u00e8res ont doubl\u00e9<\/strong> en 2024.<\/li>\n\n\n\n<li><strong>La PPR r\u00e9appara\u00eet en Europe<\/strong>, la peste porcine africaine atteint le Sri Lanka.<\/li>\n\n\n\n<li>L\u2019usage des <strong>antimicrobiens chez les animaux diminue<\/strong>, mais reste pr\u00e9occupant dans certains pays.<\/li>\n\n\n\n<li>L\u2019acc\u00e8s aux <strong>vaccins v\u00e9t\u00e9rinaires demeure in\u00e9gal<\/strong> \u00e0 l\u2019\u00e9chelle mondiale.<\/li>\n<\/ul>\n\n\n\n<h4 class=\"wp-block-heading\">\ud83c\udf0d Pourquoi ce rapport nous concerne-t-il en Afrique centrale ?<\/h4>\n\n\n\n<p>L\u2019Afrique est au c\u0153ur des enjeux sanitaires globaux. Avec une population croissante, une forte d\u00e9pendance \u00e0 l\u2019\u00e9levage et une pression accrue sur les ressources naturelles, notre continent est \u00e0 la crois\u00e9e des chemins. Ce rapport renforce l\u2019urgence de :<\/p>\n\n\n\n<ul class=\"wp-block-list\">\n<li>renforcer les syst\u00e8mes de surveillance \u00e9pid\u00e9miologique,<\/li>\n\n\n\n<li>garantir un acc\u00e8s \u00e9quitable aux vaccins v\u00e9t\u00e9rinaires,<\/li>\n\n\n\n<li>pr\u00e9venir les pand\u00e9mies zoonotiques,<\/li>\n\n\n\n<li>et <strong>former une nouvelle g\u00e9n\u00e9ration d\u2019experts intersectoriels<\/strong>.<\/li>\n<\/ul>\n\n\n\n<h4 class=\"wp-block-heading\">\ud83c\udf93 L\u2019engagement de l\u2019ESPV : agir \u00e0 l\u2019interface Homme-Animal-Environnement<\/h4>\n\n\n\n<p>L\u2019ESPV, par ses actions de formation (One Health Summer Institute), ses partenariats acad\u00e9miques (ex. UdM Bangangt\u00e9), et ses appuis \u00e0 la recherche appliqu\u00e9e, \u0153uvre concr\u00e8tement pour une meilleure pr\u00e9paration des professionnels de sant\u00e9 aux d\u00e9fis complexes d\u00e9crits dans ce rapport.<br>L\u2019approche Une Seule Sant\u00e9 est notre boussole.<\/p>\n\n\n\n<p>Nous plaidons pour :<\/p>\n\n\n\n<ul class=\"wp-block-list\">\n<li><strong>la g\u00e9n\u00e9ralisation de la vaccination animale<\/strong> comme levier contre la r\u00e9sistance antimicrobienne ;<\/li>\n\n\n\n<li><strong>la mobilisation de la diaspora scientifique<\/strong> pour appuyer la recherche et l\u2019enseignement v\u00e9t\u00e9rinaire et \u00e9pid\u00e9miologique ;<\/li>\n\n\n\n<li><strong>la mise en place de plateformes d\u2019alerte pr\u00e9coce et d\u2019analyse de risque<\/strong> bas\u00e9es sur des donn\u00e9es fiables.<\/li>\n<\/ul>\n\n\n\n<h4 class=\"wp-block-heading\">\ud83d\udca1 Exemples inspirants cit\u00e9s dans le rapport :<\/h4>\n\n\n\n<ul class=\"wp-block-list\">\n<li>En France, la <strong>vaccination des canards contre la grippe aviaire<\/strong> a permis d\u2019\u00e9viter 700 foyers attendus.<\/li>\n\n\n\n<li>La <strong>Turquie<\/strong> a d\u00e9velopp\u00e9 en 37 jours un nouveau vaccin contre la fi\u00e8vre aphteuse.<\/li>\n\n\n\n<li>Les <strong>Philippines<\/strong>, avec le soutien de l\u2019UE et de l\u2019OMSA, ont massivement vaccin\u00e9 contre la rage.<\/li>\n<\/ul>\n\n\n\n<h4 class=\"wp-block-heading\">\ud83d\udea8 Un appel \u00e0 la mobilisation<\/h4>\n\n\n\n<p>Le Cameroun et ses partenaires doivent redoubler d\u2019efforts pour renforcer la capacit\u00e9 des Services v\u00e9t\u00e9rinaires nationaux, d\u00e9velopper des vaccins adapt\u00e9s aux r\u00e9alit\u00e9s locales, et garantir une transparence des donn\u00e9es. Le renforcement des comp\u00e9tences locales, par des programmes tels que ceux port\u00e9s par l\u2019ESPV, reste fondamental pour r\u00e9pondre \u00e0 ces menaces globales.<\/p>\n\n\n\n<p>\ud83d\udd17 <strong>Lire le rapport complet sur<\/strong> : <a class=\"\" href=\"https:\/\/www.woah.org\">www.woah.org<\/a><\/p>\n\n\n\n<p>\ud83c\udf10 <a class=\"\" href=\"https:\/\/www.espv.org\">www.espv.org<\/a><\/p>\n","protected":false},"excerpt":{"rendered":"<p>L\u2019Organisation mondiale de la sant\u00e9 animale (OMSA) a publi\u00e9 le tout premier rapport sur l\u2019\u00e9tat mondial de la sant\u00e9 animale. Le constat est sans appel : les maladies animales \u00e9voluent, s\u2019\u00e9tendent \u00e0 de nouvelles zones, et pr\u00e8s de la moiti\u00e9 d\u2019entre elles sont zoonotiques, c\u2019est-\u00e0-dire transmissibles \u00e0 l\u2019homme. Une dynamique qui menace la s\u00e9curit\u00e9 alimentaire, [&hellip;]<\/p>\n","protected":false},"author":5,"featured_media":29997,"comment_status":"open","ping_status":"open","sticky":false,"template":"","format":"standard","meta":{"_mi_skip_tracking":false,"_monsterinsights_sitenote_active":false,"_monsterinsights_sitenote_note":"","_monsterinsights_sitenote_category":0,"footnotes":""},"categories":[12],"tags":[38,33,36,37],"class_list":["post-29995","post","type-post","status-publish","format-standard","has-post-thumbnail","hentry","category-news","tag-africa","tag-espv","tag-omsa","tag-woah"],"aioseo_notices":[],"_links":{"self":[{"href":"https:\/\/www.espv.org\/new\/wp-json\/wp\/v2\/posts\/29995","targetHints":{"allow":["GET"]}}],"collection":[{"href":"https:\/\/www.espv.org\/new\/wp-json\/wp\/v2\/posts"}],"about":[{"href":"https:\/\/www.espv.org\/new\/wp-json\/wp\/v2\/types\/post"}],"author":[{"embeddable":true,"href":"https:\/\/www.espv.org\/new\/wp-json\/wp\/v2\/users\/5"}],"replies":[{"embeddable":true,"href":"https:\/\/www.espv.org\/new\/wp-json\/wp\/v2\/comments?post=29995"}],"version-history":[{"count":1,"href":"https:\/\/www.espv.org\/new\/wp-json\/wp\/v2\/posts\/29995\/revisions"}],"predecessor-version":[{"id":29998,"href":"https:\/\/www.espv.org\/new\/wp-json\/wp\/v2\/posts\/29995\/revisions\/29998"}],"wp:featuredmedia":[{"embeddable":true,"href":"https:\/\/www.espv.org\/new\/wp-json\/wp\/v2\/media\/29997"}],"wp:attachment":[{"href":"https:\/\/www.espv.org\/new\/wp-json\/wp\/v2\/media?parent=29995"}],"wp:term":[{"taxonomy":"category","embeddable":true,"href":"https:\/\/www.espv.org\/new\/wp-json\/wp\/v2\/categories?post=29995"},{"taxonomy":"post_tag","embeddable":true,"href":"https:\/\/www.espv.org\/new\/wp-json\/wp\/v2\/tags?post=29995"}],"curies":[{"name":"wp","href":"https:\/\/api.w.org\/{rel}","templated":true}]}}