{"id":29982,"date":"2024-11-03T20:14:15","date_gmt":"2024-11-03T19:14:15","guid":{"rendered":"https:\/\/www.espv.org\/new\/?p=29982"},"modified":"2024-11-03T20:15:13","modified_gmt":"2024-11-03T19:15:13","slug":"les-activites-de-la-fao-contribuent-a-orienter-les-priorites-et-les-resultats-attendus-par-les-dirigeants-du-g7-et-du-g20","status":"publish","type":"post","link":"https:\/\/www.espv.org\/new\/les-activites-de-la-fao-contribuent-a-orienter-les-priorites-et-les-resultats-attendus-par-les-dirigeants-du-g7-et-du-g20\/","title":{"rendered":"Les activit\u00e9s de la FAO contribuent \u00e0 orienter les priorit\u00e9s et les r\u00e9sultats attendus par les dirigeants du G7 et du G20"},"content":{"rendered":"\n<p><strong>Rome<\/strong>\u00a0\u2013 La participation d\u00e9cisive de l\u2019Organisation des Nations Unies pour l\u2019alimentation et l\u2019agriculture (FAO) permet d\u2019aboutir \u00e0 davantage d\u2019accords et de mieux aligner les priorit\u00e9s de l\u2019Organisation sur celles \u00e9tablies par les principaux pays du monde, en vue d\u2019acc\u00e9l\u00e9rer les progr\u00e8s vers la r\u00e9alisation de l\u2019objectif de d\u00e9veloppement durable (ODD)\u202f2.\u00a0 \u00a0<br>\u00a0<br>Ainsi, la\u00a0<a href=\"https:\/\/www.fao.org\/newsroom\/detail\/g20-backs-fao-s-blue-transformation-for-sustainable-fisheries-and-aquaculture--highlights-family-farming\/fr\" target=\"_blank\" rel=\"noreferrer noopener\">r\u00e9union minist\u00e9rielle sur l\u2019agriculture du Groupe des Vingt (G20)<\/a>, organis\u00e9e \u00e0 Cuiaba (Br\u00e9sil), a \u00e9t\u00e9 l\u2019occasion pour les participants de mettre en valeur le r\u00f4le des petits agriculteurs, qui g\u00e8rent 90\u202fpour cent des exploitations dans le monde, et de convenir de l\u2019organisation d\u2019une r\u00e9union consacr\u00e9e \u00e0 l\u2019agriculture familiale. M.\u202fQu Dongyu, Directeur g\u00e9n\u00e9ral de la FAO, a salu\u00e9 cette initiative qui marque \u00abun grand pas en avant\u00bb en vue d\u2019une transformation inclusive et \u00e9quitable des syst\u00e8mes agroalimentaires, qui soit efficace sur le terrain.\u00a0 \u00a0<br>\u00a0<br>Lors de la\u00a0<a href=\"https:\/\/www.fao.org\/director-general\/speeches\/details\/siracusa-g7-agriculture-ministers--meeting-agriculture-forum-for-africa-session-1--post-malabo-agenda-development-process-and-the-implementation-of-the-agenda-beyond-2025--how-to-support-the-post-malabo-agenda--remarks\/fr\" target=\"_blank\" rel=\"noreferrer noopener\">r\u00e9union des ministres de l\u2019agriculture du G7<\/a>, organis\u00e9e au mois de septembre, M.\u202fQu a expos\u00e9 certaines conclusions alarmantes tir\u00e9es de la derni\u00e8re \u00e9dition du rapport phare de la FAO sur\u00a0<a href=\"https:\/\/www.fao.org\/publications\/home\/fao-flagship-publications\/the-state-of-food-security-and-nutrition-in-the-world\/fr\" target=\"_blank\" rel=\"noreferrer noopener\">L\u2019\u00c9tat de la s\u00e9curit\u00e9 alimentaire et de la nutrition dans le monde<\/a>\u00a0et les ministres du G7 ont r\u00e9it\u00e9r\u00e9 leur engagement g\u00e9n\u00e9ral \u00e0 rendre les syst\u00e8mes agroalimentaires plus efficaces, plus inclusifs, plus r\u00e9silients et plus durables, afin d\u2019am\u00e9liorer la s\u00e9curit\u00e9 alimentaire et la nutrition dans le monde, et ont express\u00e9ment pris note du fait que les syst\u00e8mes agroalimentaires durables pouvaient contribuer \u00e0 lutter contre la crise climatique et l\u2019appauvrissement de la biodiversit\u00e9. La r\u00e9union des ministres du G7 a aussi permis de porter l\u2019attention sur l\u2019Afrique o\u00f9, selon le rapport, la famine risque le plus de s\u00e9vir en\u202f2030 si on ne transforme pas les syst\u00e8mes agroalimentaires.\u00a0<br>\u00a0<br>\u00c0 l\u2019occasion de la r\u00e9union des\u00a0<a href=\"https:\/\/www.g7italy.it\/wp-content\/uploads\/Media_Handbook_Pescara_ENG.pdf\" target=\"_blank\" rel=\"noreferrer noopener\">ministres du d\u00e9veloppement du G7<\/a>, qui se tiendra \u00e0 Pescara (Italie), le 23\u202foctobre, les participants d\u00e9battront et prendront vraisemblablement l\u2019engagement de lancer l\u2019initiative des Pouilles sur les syst\u00e8mes alimentaires, dans le but de lever les obstacles structurels qui entravent la s\u00e9curit\u00e9 alimentaire et la nutrition et de contribuer \u00e0 l\u2019av\u00e8nement de syst\u00e8mes agroalimentaires r\u00e9silients, durables et productifs. Il s\u2019agit de l\u2019une des premi\u00e8res initiatives du G7 qui porte sur les liens entre les enjeux li\u00e9s au climat et ceux li\u00e9s \u00e0 la s\u00e9curit\u00e9 alimentaire, avec pour principal objectif de faire en sorte que le droit \u00e0 une alimentation ad\u00e9quate se concr\u00e9tise progressivement pour tout le monde. \u00a0<\/p>\n\n\n\n<figure class=\"wp-block-image size-large\"><img loading=\"lazy\" decoding=\"async\" width=\"1024\" height=\"695\" src=\"https:\/\/www.espv.org\/new\/wp-content\/uploads\/2024\/11\/image-1024x695.png\" alt=\"\" class=\"wp-image-29983\" srcset=\"https:\/\/www.espv.org\/new\/wp-content\/uploads\/2024\/11\/image-1024x695.png 1024w, https:\/\/www.espv.org\/new\/wp-content\/uploads\/2024\/11\/image-300x204.png 300w, https:\/\/www.espv.org\/new\/wp-content\/uploads\/2024\/11\/image-768x522.png 768w, https:\/\/www.espv.org\/new\/wp-content\/uploads\/2024\/11\/image-1536x1043.png 1536w, https:\/\/www.espv.org\/new\/wp-content\/uploads\/2024\/11\/image-2048x1391.png 2048w\" sizes=\"auto, (max-width: 1024px) 100vw, 1024px\" \/><figcaption class=\"wp-element-caption\">Le directeur g\u00e9n\u00e9ral de la FAO, QU Dongyu, s&#8217;exprime lors de la r\u00e9union des ministres de l&#8217;agriculture du G7 \u00e0 Syracuse, en Italie.<\/figcaption><\/figure>\n\n\n\n<p>Ce sommet jouera par ailleurs un r\u00f4le essentiel dans la promotion de l\u2019initiative men\u00e9e par la FAO pour concevoir et \u00e9tablir un\u00a0<a href=\"https:\/\/twitter.com\/FAOinNENA\/status\/1795487367429562613\" target=\"_blank\" rel=\"noreferrer noopener\">m\u00e9canisme de financement en cas de crises alimentaires dues \u00e0 des chocs<\/a>\u00a0(Financing for Shock-Driven Food Crisis Facility [FSFC]), coordonn\u00e9e par le Programme alimentaire mondial (PAM) et le Bureau des Nations unies pour la coordination des affaires humanitaires, en vue de mobiliser des capitaux priv\u00e9s provenant de march\u00e9s mondiaux de l\u2019assurance et permettre le financement d\u2019interventions rapides en pr\u00e9vision de crises alimentaires graves. Le m\u00e9canisme contribuera \u00e0 l\u2019une des mesures de pr\u00e9vention indispensables pour renforcer la r\u00e9silience des personnes les plus vuln\u00e9rables.\u00a0<br>\u00a0<br>Dans la mesure o\u00f9 le G7 et le G20 repr\u00e9sentent de puissants secteurs de l\u2019\u00e9conomie mondiale, ces annonces rev\u00eatent une grande importance et sont tr\u00e8s prometteuses. Elles s\u2019inscrivent aussi dans le droit fil du\u00a0<a href=\"https:\/\/www.fao.org\/strategic-framework\/fr\" target=\"_blank\" rel=\"noreferrer noopener\">Cadre strat\u00e9gique 2022-2031 de la FAO<\/a>, lui-m\u00eame con\u00e7u comme un cadre g\u00e9n\u00e9ral reposant sur les quatre am\u00e9liorations \u2013 am\u00e9lioration de la production, de la nutrition, de l\u2019environnement et des conditions de vie, en ne laissant personne de c\u00f4t\u00e9 \u2013, et constituent un principe d\u2019organisation r\u00e9gissant la mani\u00e8re dont la FAO entend contribuer aux ODD, notamment l\u2019ODD\u202f1 (\u00c9limination de la pauvret\u00e9), l\u2019ODD\u202f2 (\u00c9limination de la faim) et l\u2019ODD\u202f10 (R\u00e9duction des in\u00e9galit\u00e9s). \u00a0<br>\u00a0<br>Les quatre am\u00e9liorations \u00absont des pistes d\u2019action aux niveaux mondial, r\u00e9gional, national et local pour atteindre les ODD et cr\u00e9er un monde durable et s\u00fbr sur le plan alimentaire pour tous, aujourd\u2019hui et demain\u00bb a\u00a0<a href=\"https:\/\/www.fao.org\/director-general\/speeches\/details\/brazil--g20-agriculture-ministers--meeting-1st-session-on-priorities-i-and-ii--sustainable-food-systems-and-agricultural-trade-statement\/fr\" target=\"_blank\" rel=\"noreferrer noopener\">d\u00e9clar\u00e9<\/a>\u00a0M.\u202fQu devant les ministres du G20.\u00a0<br>\u00a0<br><strong>Faits saillants\u00a0<\/strong><br>\u00a0<br>Cette ann\u00e9e, les activit\u00e9s de la FAO, qui sont align\u00e9es sur les r\u00e9sultats attendus par le G20, sont centr\u00e9es sur l\u2019<a href=\"https:\/\/www.fao.org\/newsroom\/detail\/g20-backs-fao-s-blue-transformation-for-sustainable-fisheries-and-aquaculture--highlights-family-farming\/fr\" target=\"_blank\" rel=\"noreferrer noopener\">Alliance mondiale contre la faim et la pauvret\u00e9<\/a>\u00a0lanc\u00e9e par le Br\u00e9sil (qui assure la pr\u00e9sidence du G20), mettent l\u2019accent sur le r\u00f4le que pourraient jouer les petits exploitants agricoles et les aquaculteurs et reposent sur trois piliers: les connaissances, le financement et les actions au niveau des pays. L\u2019Alliance mondiale, con\u00e7ue sur la base de ces piliers, offre l\u2019occasion unique de soutenir l\u2019action men\u00e9e par les pays afin de promouvoir la s\u00e9curit\u00e9 alimentaire et l\u2019alimentation saine et d\u2019\u00e9radiquer la faim et la pauvret\u00e9.\u00a0<br>\u00a0<br>La FAO a particip\u00e9 activement \u00e0 la cr\u00e9ation de l\u2019Alliance mondiale et \u00e0 l\u2019\u00e9laboration de sa panoplie de mesures. Elle a clairement indiqu\u00e9 qu\u2019elle se tenait dispos\u00e9e \u00e0 apporter un appui technique aux pays qui choisiraient de mettre en \u0153uvre des instruments politiques relevant de son mandat. \u00a0<br>\u00a0<br>Plus concr\u00e8tement, les membres du G20 ont approuv\u00e9 la proposition de la FAO d\u2019h\u00e9berger le m\u00e9canisme d\u2019appui de l\u2019Alliance, dot\u00e9 d\u2019un bureau \u00e0 Rome au si\u00e8ge de la FAO, d\u2019un bureau mondial pour le Sud \u00e0 Brasilia, de centres de liaison r\u00e9gionaux \u00e0 Addis-Abeba et \u00e0 Bangkok, et d\u2019un bureau \u00e0 Washington, \u00e9tabli en collaboration avec des institutions financi\u00e8res internationales. L\u2019Organisation accueillera donc le m\u00e9canisme d\u2019appui de l\u2019Alliance mondiale.\u00a0<br>\u00a0<br>Parall\u00e8lement, la FAO collabore \u00e9troitement avec les membres du G7 dans le cadre d\u2019initiatives visant \u00e0 promouvoir la sant\u00e9 des sols, \u00e0 am\u00e9liorer la nutrition et \u00e0 prendre en compte le lien entre le climat et le secteur agroalimentaire, ce qui s\u2019inscrit dans le cadre des travaux men\u00e9s lors des sommets de la Conf\u00e9rence des Parties sur le climat. On retiendra notamment l\u2019action men\u00e9e par la FAO dans le cadre de la\u00a0<a href=\"https:\/\/www.fao.org\/north-america\/news\/details\/strengthening-global-food-security-fao-and-u.s.-spotlight-the-vision-for-adapted-crops-and-soils-initiative-at-12th-global-soil-partnership-assembly\/en\" target=\"_blank\" rel=\"noreferrer noopener\">Vision pour des cultures et des sols adapt\u00e9s<\/a>\u00a0(VACS), en collaboration avec les \u00c9tats-Unis d\u2019Am\u00e9rique et d\u2019autres partenaires, qui permet de proposer aux agriculteurs africains de nouvelles possibilit\u00e9s de culture, de fournir des informations optimales sur les sols et de pr\u00e9senter des d\u00e9bouch\u00e9s commerciaux pertinents. \u00a0<br>\u00a0<br>\u00abLa FAO est \u00e0 l\u2019origine de changements concrets sur le terrain; elle met en \u0153uvre des projets et aide les pays \u00e0 trouver de nouvelles possibilit\u00e9s d\u2019investissement\u00bb, a\u00a0<a href=\"https:\/\/www.fao.org\/director-general\/speeches\/details\/siracusa-g7-agriculture-ministers--meeting-agriculture-forum-for-africa-session-1--post-malabo-agenda-development-process-and-the-implementation-of-the-agenda-beyond-2025--how-to-support-the-post-malabo-agenda--remarks\/fr\" target=\"_blank\" rel=\"noreferrer noopener\">expliqu\u00e9<\/a>\u00a0M.\u202fQu aux ministres du G7, \u00e0 Syracuse.\u00a0<br>\u00a0<br>Le FSFC, mis au point en \u00e9troite collaboration avec le\u00a0<a href=\"https:\/\/fr.wfp.org\/\" target=\"_blank\" rel=\"noreferrer noopener\">Programme alimentaire mondial<\/a>\u00a0et le\u00a0<a href=\"https:\/\/www.unocha.org\/\" target=\"_blank\" rel=\"noreferrer noopener\">Bureau des Nations Unies pour la coordination des affaires humanitaires<\/a>, fera aussi intervenir des institutions financi\u00e8res internationales, des banques de d\u00e9veloppement multinationales et d\u2019autres parties prenantes engag\u00e9es dans diverses initiatives visant \u00e0 financer les risques de catastrophes, qui tirent d\u00e9sormais parti des capitaux disponibles dans le cadre des programmes mondiaux d\u2019assurance du d\u00e9veloppement.\u00a0<br>\u00a0<br>Le m\u00e9canisme est ax\u00e9 sur le financement rapide des interventions men\u00e9es en pr\u00e9vision de crises alimentaires graves au niveau local, l\u2019objectif \u00e9tant d\u2019\u00e9viter l\u2019escalade de ces crises, de sauver des vies et d\u2019\u00e9conomiser les ressources des donateurs. Le FSFC se veut une plateforme \u00e9volutive en mati\u00e8re de coop\u00e9ration et de coordination et permet de passer d\u2019un syst\u00e8me r\u00e9actif \u00e0 un syst\u00e8me davantage proactif et capable d\u2019att\u00e9nuer les risques. La pr\u00e9visibilit\u00e9 et la rapidit\u00e9 du d\u00e9ploiement des ressources, assorties d\u2019un meilleur rapport co\u00fbt-efficacit\u00e9 et d\u2019une meilleure rentabilit\u00e9, sont des facteurs d\u00e9terminants \u00e0\u202fm\u00eame de consolider les r\u00e9sultats durement obtenus par les populations sur le terrain en mati\u00e8re de r\u00e9silience et de d\u00e9veloppement.\u00a0<\/p>\n\n\n\n<p><strong>Une approche transversale et coh\u00e9rente&nbsp;<\/strong><br>&nbsp;<br>Dans un monde de plus en plus complexe, les mandats principaux de la FAO ne peuvent \u00eatre men\u00e9s \u00e0 bien qu\u2019avec la contribution de multiples acteurs et secteurs. C\u2019est pourquoi la direction g\u00e9n\u00e9rale de la FAO s\u2019int\u00e9resse \u00e0 des th\u00e8mes allant de la sant\u00e9 et de l\u2019environnement aux technologies num\u00e9riques. &nbsp;<br>&nbsp;<br>En f\u00e9vrier, M.\u202fQu a particip\u00e9 \u00e0 la&nbsp;<a rel=\"noreferrer noopener\" target=\"_blank\" href=\"https:\/\/www.fao.org\/newsroom\/detail\/g20--fao-director-general-appeals-for-peace--right-to-food-and-global-governance-reforms\/fr\">r\u00e9union des ministres des affaires \u00e9trang\u00e8res du G20<\/a>&nbsp;et a lanc\u00e9 un appel \u00e0 la paix, \u00e0 la reconnaissance du droit \u00e0 l\u2019alimentation et \u00e0 la r\u00e9forme des institutions multilat\u00e9rales. En juillet, il a particip\u00e9 \u00e0 la&nbsp;<a rel=\"noreferrer noopener\" target=\"_blank\" href=\"https:\/\/www.fao.org\/newsroom\/detail\/inequality-stands-in-the-way-of-the-global-fight-against-hunger--fao-tells-g20\/en\">r\u00e9union des ministres du d\u00e9veloppement du G20<\/a>, au cours de laquelle il a soulign\u00e9 que, dans un monde o\u00f9 la crise climatique compromettait la s\u00e9curit\u00e9 alimentaire des plus vuln\u00e9rables, il fallait soutenir la croissance \u00e9conomique au moyen de politiques visant \u00e0 r\u00e9duire les in\u00e9galit\u00e9s. &nbsp;<br>&nbsp;<br>Lorsque les plus grandes \u00e9conomies du monde unissent leurs efforts, elles obtiennent des r\u00e9sultats remarquables. \u00abAdoptons comme fil directeur notre responsabilit\u00e9 collective consistant \u00e0 venir en aide aux personnes qui ont le plus besoin de notre assistance\u00bb, a d\u00e9clar\u00e9 M.\u202fQu.&nbsp;<br>&nbsp;<br>La FAO, qui a pour mandat de servir un groupe plus large, \u00e0 savoir ses 194 membres, est bien plac\u00e9e pour servir de passerelle en mati\u00e8re de connaissances, de mobilisation des ressources et de mise en \u0153uvre concr\u00e8te entre les membres du G20 et ceux du G7 et les pays qui sont confront\u00e9s \u00e0 des contraintes de ressources plus importantes tout en devant faire face \u00e0\u202fdes probl\u00e8mes sp\u00e9cifiques comme les conflits, d\u2019une part, et \u00e0 des d\u00e9fis de port\u00e9e universelle tels que la crise climatique, d\u2019autre part.&nbsp;<\/p>\n\n\n\n<p>Source : FAO, 2024<\/p>\n","protected":false},"excerpt":{"rendered":"<p>Rome\u00a0\u2013 La participation d\u00e9cisive de l\u2019Organisation des Nations Unies pour l\u2019alimentation et l\u2019agriculture (FAO) permet d\u2019aboutir \u00e0 davantage d\u2019accords et de mieux aligner les priorit\u00e9s de l\u2019Organisation sur celles \u00e9tablies par les principaux pays du monde, en vue d\u2019acc\u00e9l\u00e9rer les progr\u00e8s vers la r\u00e9alisation de l\u2019objectif de d\u00e9veloppement durable (ODD)\u202f2.\u00a0 \u00a0\u00a0Ainsi, la\u00a0r\u00e9union minist\u00e9rielle sur l\u2019agriculture [&hellip;]<\/p>\n","protected":false},"author":5,"featured_media":29983,"comment_status":"open","ping_status":"open","sticky":false,"template":"","format":"standard","meta":{"_mi_skip_tracking":false,"_monsterinsights_sitenote_active":false,"_monsterinsights_sitenote_note":"","_monsterinsights_sitenote_category":0,"footnotes":""},"categories":[12],"tags":[33,32,35,34],"class_list":["post-29982","post","type-post","status-publish","format-standard","has-post-thumbnail","hentry","category-news","tag-espv","tag-fao","tag-g20","tag-g7"],"aioseo_notices":[],"_links":{"self":[{"href":"https:\/\/www.espv.org\/new\/wp-json\/wp\/v2\/posts\/29982","targetHints":{"allow":["GET"]}}],"collection":[{"href":"https:\/\/www.espv.org\/new\/wp-json\/wp\/v2\/posts"}],"about":[{"href":"https:\/\/www.espv.org\/new\/wp-json\/wp\/v2\/types\/post"}],"author":[{"embeddable":true,"href":"https:\/\/www.espv.org\/new\/wp-json\/wp\/v2\/users\/5"}],"replies":[{"embeddable":true,"href":"https:\/\/www.espv.org\/new\/wp-json\/wp\/v2\/comments?post=29982"}],"version-history":[{"count":2,"href":"https:\/\/www.espv.org\/new\/wp-json\/wp\/v2\/posts\/29982\/revisions"}],"predecessor-version":[{"id":29985,"href":"https:\/\/www.espv.org\/new\/wp-json\/wp\/v2\/posts\/29982\/revisions\/29985"}],"wp:featuredmedia":[{"embeddable":true,"href":"https:\/\/www.espv.org\/new\/wp-json\/wp\/v2\/media\/29983"}],"wp:attachment":[{"href":"https:\/\/www.espv.org\/new\/wp-json\/wp\/v2\/media?parent=29982"}],"wp:term":[{"taxonomy":"category","embeddable":true,"href":"https:\/\/www.espv.org\/new\/wp-json\/wp\/v2\/categories?post=29982"},{"taxonomy":"post_tag","embeddable":true,"href":"https:\/\/www.espv.org\/new\/wp-json\/wp\/v2\/tags?post=29982"}],"curies":[{"name":"wp","href":"https:\/\/api.w.org\/{rel}","templated":true}]}}