{"id":29923,"date":"2024-08-12T22:23:56","date_gmt":"2024-08-12T21:23:56","guid":{"rendered":"https:\/\/www.espv.org\/new\/?p=29923"},"modified":"2026-03-08T17:14:06","modified_gmt":"2026-03-08T16:14:06","slug":"recherche-de-jeunes-talents-pour-preserver-les-ecosystemes-dafrique-centrale","status":"publish","type":"post","link":"https:\/\/www.espv.org\/new\/recherche-de-jeunes-talents-pour-preserver-les-ecosystemes-dafrique-centrale\/","title":{"rendered":"Recherche de jeunes talents pour pr\u00e9server les \u00e9cosyst\u00e8mes d&#8217;Afrique centrale"},"content":{"rendered":"\n<figure class=\"wp-block-image size-large\"><img loading=\"lazy\" decoding=\"async\" width=\"1024\" height=\"590\" src=\"https:\/\/www.espv.org\/new\/wp-content\/uploads\/2024\/08\/image-1024x590.png\" alt=\"\" class=\"wp-image-29925\" srcset=\"https:\/\/www.espv.org\/new\/wp-content\/uploads\/2024\/08\/image-1024x590.png 1024w, https:\/\/www.espv.org\/new\/wp-content\/uploads\/2024\/08\/image-300x173.png 300w, https:\/\/www.espv.org\/new\/wp-content\/uploads\/2024\/08\/image-768x442.png 768w, https:\/\/www.espv.org\/new\/wp-content\/uploads\/2024\/08\/image-1536x885.png 1536w, https:\/\/www.espv.org\/new\/wp-content\/uploads\/2024\/08\/image.png 1915w\" sizes=\"auto, (max-width: 1024px) 100vw, 1024px\" \/><\/figure>\n\n\n\n<p>La Fondation Tri-National de la Sangha (Fondation TNS) lance un appel \u00e0 candidatures pour recruter quatre \u00e9tudiants de Master et de Doctorat issus des pays du Tri-National de la Sangha (TNS).<\/p>\n\n\n\n<p>Cette initiative s&#8217;inscrit dans le cadre du Programme de &#8220;Recherche en \u00e9cologie et en sciences sociales des \u00e9cosyst\u00e8mes forestiers d&#8217;Afrique centrale&#8221; (RESSAC) et du Projet &#8220;la probl\u00e9matique de l&#8217;\u00e9conomie cacaoy\u00e8re \u00e0 l&#8217;interface des aires prot\u00e9g\u00e9es dans le TNS : une approche de conservation par l&#8217;am\u00e9lioration des revenus des principaux acteurs&#8221; (CAPRO_TNS).<\/p>\n\n\n\n<p>Les disciplines recherch\u00e9es couvrent l&#8217;\u00e9conomie (agro\u00e9conomie, agroforesterie, environnement, etc.) et la sociologie (sociologie rurale, anthropologie, ressources naturelles, etc.), ainsi que toute autre sp\u00e9cialit\u00e9 pertinente pour les objectifs du projet.<\/p>\n\n\n\n<p>&#8220;C&#8217;est une excellente opportunit\u00e9 pour de jeunes chercheurs de s&#8217;impliquer concr\u00e8tement dans la pr\u00e9servation des \u00e9cosyst\u00e8mes fragiles d&#8217;Afrique centrale&#8221;, d\u00e9clare le Directeur de la Fondation TNS.<\/p>\n\n\n\n<p>Les laur\u00e9ats b\u00e9n\u00e9ficieront d&#8217;un encadrement de haut niveau et d&#8217;un financement pour mener leurs travaux de recherche sur le terrain. Cette initiative vise \u00e0 former une nouvelle g\u00e9n\u00e9ration de sp\u00e9cialistes engag\u00e9s dans la conservation de la biodiversit\u00e9.<\/p>\n\n\n\n<p>Les candidatures sont ouvertes aux \u00e9tudiants de Master et de Doctorat originaires de R\u00e9publique du Congo (2 postes) et de R\u00e9publique centrafricaine (2 postes). La date limite de d\u00e9p\u00f4t des candidatures est fix\u00e9e au 25 ao\u00fbt 2024, \u00e0 13 heures. Ces dossiers complets devront \u00eatre envoy\u00e9s sous forme fichier num\u00e9rique avec pour titre MASTER-CAPRO ou DOCTORAT-CAPRO aux adresses suivantes :&nbsp;<a href=\"mailto:secretariatftns@fondationtns.org\" target=\"_blank\" rel=\"noreferrer noopener\">secretariatftns@fondationtns.org<\/a>, th\u00e9<a href=\"mailto:ophile.zognou@fondationtns.org\" target=\"_blank\" rel=\"noreferrer noopener\">ophile.zognou@fondationtns.org<\/a>&nbsp;et&nbsp;<a href=\"mailto:r.kana@fondationtns.org\" target=\"_blank\" rel=\"noreferrer noopener\">r.kana@fondationtns.org<\/a>.<\/p>\n\n\n\n<p><strong><a href=\"https:\/\/www.espv.org\/new\/wp-content\/uploads\/2024\/08\/1723472044891.pdf\" title=\"\">T\u00e9l\u00e9chargez l&#8217;appel <\/a><\/strong><\/p>\n","protected":false},"excerpt":{"rendered":"<p>La Fondation Tri-National de la Sangha (Fondation TNS) lance un appel \u00e0 candidatures pour recruter quatre \u00e9tudiants de Master et de Doctorat issus des pays du Tri-National de la Sangha (TNS). Cette initiative s&#8217;inscrit dans le cadre du Programme de &#8220;Recherche en \u00e9cologie et en sciences sociales des \u00e9cosyst\u00e8mes forestiers d&#8217;Afrique centrale&#8221; (RESSAC) et du [&hellip;]<\/p>\n","protected":false},"author":5,"featured_media":29925,"comment_status":"open","ping_status":"open","sticky":false,"template":"","format":"standard","meta":{"_mi_skip_tracking":false,"_monsterinsights_sitenote_active":false,"_monsterinsights_sitenote_note":"","_monsterinsights_sitenote_category":0,"footnotes":""},"categories":[12],"tags":[],"class_list":["post-29923","post","type-post","status-publish","format-standard","has-post-thumbnail","hentry","category-news"],"aioseo_notices":[],"_links":{"self":[{"href":"https:\/\/www.espv.org\/new\/wp-json\/wp\/v2\/posts\/29923","targetHints":{"allow":["GET"]}}],"collection":[{"href":"https:\/\/www.espv.org\/new\/wp-json\/wp\/v2\/posts"}],"about":[{"href":"https:\/\/www.espv.org\/new\/wp-json\/wp\/v2\/types\/post"}],"author":[{"embeddable":true,"href":"https:\/\/www.espv.org\/new\/wp-json\/wp\/v2\/users\/5"}],"replies":[{"embeddable":true,"href":"https:\/\/www.espv.org\/new\/wp-json\/wp\/v2\/comments?post=29923"}],"version-history":[{"count":1,"href":"https:\/\/www.espv.org\/new\/wp-json\/wp\/v2\/posts\/29923\/revisions"}],"predecessor-version":[{"id":29926,"href":"https:\/\/www.espv.org\/new\/wp-json\/wp\/v2\/posts\/29923\/revisions\/29926"}],"wp:featuredmedia":[{"embeddable":true,"href":"https:\/\/www.espv.org\/new\/wp-json\/wp\/v2\/media\/29925"}],"wp:attachment":[{"href":"https:\/\/www.espv.org\/new\/wp-json\/wp\/v2\/media?parent=29923"}],"wp:term":[{"taxonomy":"category","embeddable":true,"href":"https:\/\/www.espv.org\/new\/wp-json\/wp\/v2\/categories?post=29923"},{"taxonomy":"post_tag","embeddable":true,"href":"https:\/\/www.espv.org\/new\/wp-json\/wp\/v2\/tags?post=29923"}],"curies":[{"name":"wp","href":"https:\/\/api.w.org\/{rel}","templated":true}]}}