{"id":29877,"date":"2024-05-15T11:57:00","date_gmt":"2024-05-15T10:57:00","guid":{"rendered":"https:\/\/www.espv.org\/new\/?p=29877"},"modified":"2026-03-08T17:14:36","modified_gmt":"2026-03-08T16:14:36","slug":"lassociation-espv-contribue-au-renforcement-de-la-surveillance-des-maladies-animales-au-cameroun-lors-de-la-reunion-annuelle-du-rescam","status":"publish","type":"post","link":"https:\/\/www.espv.org\/new\/lassociation-espv-contribue-au-renforcement-de-la-surveillance-des-maladies-animales-au-cameroun-lors-de-la-reunion-annuelle-du-rescam\/","title":{"rendered":"L&#8217;association ESPV contribue au renforcement de la surveillance des maladies animales au Cameroun lors de la r\u00e9union annuelle du RESCAM"},"content":{"rendered":"\n<p>Date : 15 mai 2024<\/p>\n\n\n\n<figure class=\"wp-block-image size-large\"><img loading=\"lazy\" decoding=\"async\" width=\"1024\" height=\"768\" src=\"https:\/\/www.espv.org\/new\/wp-content\/uploads\/2024\/05\/6-1024x768.jpeg\" alt=\"\" class=\"wp-image-29879\" srcset=\"https:\/\/www.espv.org\/new\/wp-content\/uploads\/2024\/05\/6-1024x768.jpeg 1024w, https:\/\/www.espv.org\/new\/wp-content\/uploads\/2024\/05\/6-300x225.jpeg 300w, https:\/\/www.espv.org\/new\/wp-content\/uploads\/2024\/05\/6-768x576.jpeg 768w, https:\/\/www.espv.org\/new\/wp-content\/uploads\/2024\/05\/6-1536x1152.jpeg 1536w, https:\/\/www.espv.org\/new\/wp-content\/uploads\/2024\/05\/6-2048x1536.jpeg 2048w\" sizes=\"auto, (max-width: 1024px) 100vw, 1024px\" \/><\/figure>\n\n\n\n<p>Douala &#8211; Du 13 au 15 mai 2024, s&#8217;est tenue la R\u00e9union Annuelle de Coordination du R\u00e9seau d&#8217;\u00e9pid\u00e9mio-surveillance des maladies animales du Cameroun (RESCAM) \u00e0 Douala. L&#8217;association \u00e9pid\u00e9miologie \u2013 sant\u00e9 publique \u2013 v\u00e9t\u00e9rinaire (ESPV) r\u00e9pondant \u00e0 l&#8217;invitation du Ministre de l&#8217;Elevage, des P\u00eaches et des Industries Animales (MINEPIA) a particip\u00e9 \u00e0 cet \u00e9v\u00e9nement d&#8217;envergure nationale. L&#8217;objectif principal de la r\u00e9union \u00e9tait d&#8217;enrichir et de valider le rapport annuel de surveillance des maladies animales pour l&#8217;ann\u00e9e 2023, ainsi que de d\u00e9finir les axes prioritaires pour la surveillance en 2024.<\/p>\n\n\n\n<p>Les objectifs sp\u00e9cifiques de la r\u00e9union comprenaient l&#8217;\u00e9valuation du niveau de mise en \u0153uvre des recommandations de la r\u00e9union de coordination du RESCAM de l&#8217;ann\u00e9e pr\u00e9c\u00e9dente, la pr\u00e9sentation, l&#8217;examen, l&#8217;enrichissement et la validation du rapport annuel de surveillance des maladies animales pour l&#8217;ann\u00e9e 2023, ainsi que l&#8217;\u00e9valuation des outils de surveillance existants en sant\u00e9 animale tels que les plans, les m\u00e9thodes, les d\u00e9finitions des cas, la surveillance active, la surveillance \u00e0 base communautaire et les outils de laboratoire.<\/p>\n\n\n\n<p>De plus, les participants ont eu l&#8217;opportunit\u00e9 de pr\u00e9senter et d&#8217;analyser les indicateurs de performance du RESCAM d\u2019une part, et de valider le manuel de d\u00e9finitions de cas des maladies prioritaires d\u2019autre part. L&#8217;utilisation de l&#8217;application web CAHIS pour la collecte des donn\u00e9es de surveillance et de vaccination contre la rage dans les zones pilotes du projet RACE a \u00e9galement \u00e9t\u00e9 \u00e9valu\u00e9e.<\/p>\n\n\n\n<p>\u00a0La participation de l&#8217;association ESPV \u00e0 cette r\u00e9union t\u00e9moigne de son engagement envers la sant\u00e9 animale et la s\u00e9curit\u00e9 alimentaire au Cameroun. En effet, ESPV a partag\u00e9 son expertise en \u00e9pid\u00e9miologie,en sant\u00e9 publique et en m\u00e9decine v\u00e9t\u00e9rinaire et les \u00e9changes ont permis d&#8217;\u00e9valuer les progr\u00e8s r\u00e9alis\u00e9s dans la mise en \u0153uvre des recommandations ant\u00e9rieures, d&#8217;identifier les lacunes et de d\u00e9finir des objectifs pour l&#8217;ann\u00e9e \u00e0 venir.<\/p>\n\n\n\n<p>&nbsp;En travaillant en \u00e9troite collaboration avec le Minist\u00e8re de l&#8217;\u00e9levage, des p\u00eaches et des industries animales, ainsi qu&#8217;avec les autres acteurs du RESCAM, l&#8217;association ESPV contribue \u00e0 renforcer les capacit\u00e9s multisectorielles de surveillance \u00e9pid\u00e9miologique et \u00e0 am\u00e9liorer la gestion des maladies animales dans le pays.<\/p>\n\n\n\n<p>L&#8217;am\u00e9lioration de la surveillance des maladies animales rev\u00eat une importance cruciale pour la sant\u00e9 publique, la s\u00e9curit\u00e9 alimentaire et la s\u00e9curit\u00e9 sanitaire des aliments. En identifiant les axes prioritaires d&#8217;intervention, le RESCAM pourra concentrer ses efforts sur les domaines cl\u00e9s afin de pr\u00e9venir, d\u00e9tecter et contr\u00f4ler efficacement les maladies animales. Cela contribuera \u00e0 prot\u00e9ger la sant\u00e9 des animaux et \u00e0 pr\u00e9venir la propagation de maladies aux \u00eatres humains, renfor\u00e7ant ainsi la sant\u00e9 publique dans sa globalit\u00e9.<\/p>\n\n\n\n<p>La r\u00e9union annuelle du RESCAM constitue une plateforme essentielle pour l&#8217;\u00e9change d&#8217;exp\u00e9riences, de connaissances et de bonnes pratiques entre les diff\u00e9rents acteurs impliqu\u00e9s dans la surveillance des maladies animales. En travaillant ensemble, ils peuvent coordonner leurs efforts et renforcer la collaboration pour faire face aux d\u00e9fis complexes li\u00e9s \u00e0 la sant\u00e9 animale.<\/p>\n\n\n\n<p>L&#8217;association ESPV continuera \u00e0 jouer un r\u00f4le cl\u00e9 dans l&#8217;am\u00e9lioration de la surveillance \u00e9pid\u00e9miologique des maladies animales au Cameroun. En collaborant avec le Minist\u00e8re de l&#8217;\u00e9levage, des p\u00eaches et des industries animales et d&#8217;autres partenaires, elle contribuera \u00e0 la mise en \u0153uvre des recommandations issues de la r\u00e9union annuelle du RESCAM et \u00e0 la r\u00e9alisation des objectifs fix\u00e9s pour l&#8217;am\u00e9lioration de la surveillance en 2024.<\/p>\n\n\n\n<p>La participation active de l&#8217;association ESPV \u00e0 cette r\u00e9union t\u00e9moigne de son engagement envers la sant\u00e9 animale et sa volont\u00e9 de promouvoir des pratiques exemplaires en \u00e9pid\u00e9miologie v\u00e9t\u00e9rinaire et en sant\u00e9 publique. Gr\u00e2ce \u00e0 ces efforts concert\u00e9s, le Cameroun se rapproche davantage de ses objectifs en mati\u00e8re de surveillance des maladies animales et de protection de la sant\u00e9 publique.<\/p>\n\n\n\n<figure class=\"wp-block-image size-large\"><img loading=\"lazy\" decoding=\"async\" width=\"1024\" height=\"768\" src=\"https:\/\/www.espv.org\/new\/wp-content\/uploads\/2024\/05\/68246d71-9612-48e7-b627-f654d4f1e4a0-1024x768.jpeg\" alt=\"\" class=\"wp-image-29883\" srcset=\"https:\/\/www.espv.org\/new\/wp-content\/uploads\/2024\/05\/68246d71-9612-48e7-b627-f654d4f1e4a0-1024x768.jpeg 1024w, https:\/\/www.espv.org\/new\/wp-content\/uploads\/2024\/05\/68246d71-9612-48e7-b627-f654d4f1e4a0-300x225.jpeg 300w, https:\/\/www.espv.org\/new\/wp-content\/uploads\/2024\/05\/68246d71-9612-48e7-b627-f654d4f1e4a0-768x576.jpeg 768w, https:\/\/www.espv.org\/new\/wp-content\/uploads\/2024\/05\/68246d71-9612-48e7-b627-f654d4f1e4a0-1536x1152.jpeg 1536w, https:\/\/www.espv.org\/new\/wp-content\/uploads\/2024\/05\/68246d71-9612-48e7-b627-f654d4f1e4a0-2048x1536.jpeg 2048w\" sizes=\"auto, (max-width: 1024px) 100vw, 1024px\" \/><\/figure>\n\n\n\n<figure class=\"wp-block-image size-large\"><img loading=\"lazy\" decoding=\"async\" width=\"2560\" height=\"1920\" src=\"https:\/\/www.espv.org\/new\/wp-content\/uploads\/2024\/05\/8-1024x768.jpeg\" alt=\"\" class=\"wp-image-29882\" srcset=\"https:\/\/www.espv.org\/new\/wp-content\/uploads\/2024\/05\/8-1024x768.jpeg 1024w, https:\/\/www.espv.org\/new\/wp-content\/uploads\/2024\/05\/8-300x225.jpeg 300w, https:\/\/www.espv.org\/new\/wp-content\/uploads\/2024\/05\/8-768x576.jpeg 768w, https:\/\/www.espv.org\/new\/wp-content\/uploads\/2024\/05\/8-1536x1152.jpeg 1536w, https:\/\/www.espv.org\/new\/wp-content\/uploads\/2024\/05\/8-2048x1536.jpeg 2048w\" sizes=\"auto, (max-width: 2560px) 100vw, 2560px\" \/><\/figure>\n\n\n\n<figure class=\"wp-block-image size-large\"><img loading=\"lazy\" decoding=\"async\" width=\"1024\" height=\"768\" src=\"https:\/\/www.espv.org\/new\/wp-content\/uploads\/2024\/05\/7-1024x768.jpeg\" alt=\"\" class=\"wp-image-29881\" srcset=\"https:\/\/www.espv.org\/new\/wp-content\/uploads\/2024\/05\/7-1024x768.jpeg 1024w, https:\/\/www.espv.org\/new\/wp-content\/uploads\/2024\/05\/7-300x225.jpeg 300w, https:\/\/www.espv.org\/new\/wp-content\/uploads\/2024\/05\/7-768x576.jpeg 768w, https:\/\/www.espv.org\/new\/wp-content\/uploads\/2024\/05\/7-1536x1152.jpeg 1536w, https:\/\/www.espv.org\/new\/wp-content\/uploads\/2024\/05\/7-2048x1536.jpeg 2048w\" sizes=\"auto, (max-width: 1024px) 100vw, 1024px\" \/><\/figure>\n\n\n\n<figure class=\"wp-block-image size-large\"><img loading=\"lazy\" decoding=\"async\" width=\"1024\" height=\"768\" src=\"https:\/\/www.espv.org\/new\/wp-content\/uploads\/2024\/05\/2-1024x768.jpeg\" alt=\"\" class=\"wp-image-29880\" srcset=\"https:\/\/www.espv.org\/new\/wp-content\/uploads\/2024\/05\/2-1024x768.jpeg 1024w, https:\/\/www.espv.org\/new\/wp-content\/uploads\/2024\/05\/2-300x225.jpeg 300w, https:\/\/www.espv.org\/new\/wp-content\/uploads\/2024\/05\/2-768x576.jpeg 768w, https:\/\/www.espv.org\/new\/wp-content\/uploads\/2024\/05\/2-1536x1152.jpeg 1536w, https:\/\/www.espv.org\/new\/wp-content\/uploads\/2024\/05\/2-2048x1536.jpeg 2048w\" sizes=\"auto, (max-width: 1024px) 100vw, 1024px\" \/><\/figure>\n\n\n\n<p>Source : ESPV, 2024<\/p>\n","protected":false},"excerpt":{"rendered":"<p>Date : 15 mai 2024 Douala &#8211; Du 13 au 15 mai 2024, s&#8217;est tenue la R\u00e9union Annuelle de Coordination du R\u00e9seau d&#8217;\u00e9pid\u00e9mio-surveillance des maladies animales du Cameroun (RESCAM) \u00e0 Douala. L&#8217;association \u00e9pid\u00e9miologie \u2013 sant\u00e9 publique \u2013 v\u00e9t\u00e9rinaire (ESPV) r\u00e9pondant \u00e0 l&#8217;invitation du Ministre de l&#8217;Elevage, des P\u00eaches et des Industries Animales (MINEPIA) a particip\u00e9 [&hellip;]<\/p>\n","protected":false},"author":5,"featured_media":29878,"comment_status":"open","ping_status":"open","sticky":false,"template":"","format":"standard","meta":{"_mi_skip_tracking":false,"_monsterinsights_sitenote_active":false,"_monsterinsights_sitenote_note":"","_monsterinsights_sitenote_category":0,"footnotes":""},"categories":[12],"tags":[],"class_list":["post-29877","post","type-post","status-publish","format-standard","has-post-thumbnail","hentry","category-news"],"aioseo_notices":[],"_links":{"self":[{"href":"https:\/\/www.espv.org\/new\/wp-json\/wp\/v2\/posts\/29877","targetHints":{"allow":["GET"]}}],"collection":[{"href":"https:\/\/www.espv.org\/new\/wp-json\/wp\/v2\/posts"}],"about":[{"href":"https:\/\/www.espv.org\/new\/wp-json\/wp\/v2\/types\/post"}],"author":[{"embeddable":true,"href":"https:\/\/www.espv.org\/new\/wp-json\/wp\/v2\/users\/5"}],"replies":[{"embeddable":true,"href":"https:\/\/www.espv.org\/new\/wp-json\/wp\/v2\/comments?post=29877"}],"version-history":[{"count":1,"href":"https:\/\/www.espv.org\/new\/wp-json\/wp\/v2\/posts\/29877\/revisions"}],"predecessor-version":[{"id":29884,"href":"https:\/\/www.espv.org\/new\/wp-json\/wp\/v2\/posts\/29877\/revisions\/29884"}],"wp:featuredmedia":[{"embeddable":true,"href":"https:\/\/www.espv.org\/new\/wp-json\/wp\/v2\/media\/29878"}],"wp:attachment":[{"href":"https:\/\/www.espv.org\/new\/wp-json\/wp\/v2\/media?parent=29877"}],"wp:term":[{"taxonomy":"category","embeddable":true,"href":"https:\/\/www.espv.org\/new\/wp-json\/wp\/v2\/categories?post=29877"},{"taxonomy":"post_tag","embeddable":true,"href":"https:\/\/www.espv.org\/new\/wp-json\/wp\/v2\/tags?post=29877"}],"curies":[{"name":"wp","href":"https:\/\/api.w.org\/{rel}","templated":true}]}}