{"id":29678,"date":"2023-10-27T06:50:00","date_gmt":"2023-10-27T05:50:00","guid":{"rendered":"https:\/\/www.espv.org\/new\/?p=29678"},"modified":"2026-03-08T17:16:30","modified_gmt":"2026-03-08T16:16:30","slug":"journee-mondiale-de-la-rage-dr-rene-zambou-medecin-veterinaire-president-espv","status":"publish","type":"post","link":"https:\/\/www.espv.org\/new\/journee-mondiale-de-la-rage-dr-rene-zambou-medecin-veterinaire-president-espv\/","title":{"rendered":"Journ\u00e9e mondiale de la rage Dr Ren\u00e9 ZAMBOU M\u00e9decin V\u00e9t\u00e9rinaire, Pr\u00e9sident ESPV"},"content":{"rendered":"\n<figure class=\"wp-block-embed is-type-video is-provider-youtube wp-block-embed-youtube wp-embed-aspect-16-9 wp-has-aspect-ratio\"><div class=\"wp-block-embed__wrapper\">\n<iframe loading=\"lazy\" title=\"Journ\u00e9e mondiale de la rage Dr Ren\u00e9 ZABOU M\u00e9decin V\u00e9t\u00e9rinaire.\" width=\"1140\" height=\"641\" src=\"https:\/\/www.youtube.com\/embed\/5rvKPe_fGh0?feature=oembed\" frameborder=\"0\" allow=\"accelerometer; autoplay; clipboard-write; encrypted-media; gyroscope; picture-in-picture; web-share\" referrerpolicy=\"strict-origin-when-cross-origin\" allowfullscreen><\/iframe>\n<\/div><figcaption class=\"wp-element-caption\">Source : Integral Radio Vision, 2023<\/figcaption><\/figure>\n","protected":false},"excerpt":{"rendered":"","protected":false},"author":5,"featured_media":29684,"comment_status":"open","ping_status":"open","sticky":false,"template":"","format":"standard","meta":{"_mi_skip_tracking":false,"_monsterinsights_sitenote_active":false,"_monsterinsights_sitenote_note":"","_monsterinsights_sitenote_category":0,"footnotes":""},"categories":[12],"tags":[],"class_list":["post-29678","post","type-post","status-publish","format-standard","has-post-thumbnail","hentry","category-news"],"aioseo_notices":[],"_links":{"self":[{"href":"https:\/\/www.espv.org\/new\/wp-json\/wp\/v2\/posts\/29678","targetHints":{"allow":["GET"]}}],"collection":[{"href":"https:\/\/www.espv.org\/new\/wp-json\/wp\/v2\/posts"}],"about":[{"href":"https:\/\/www.espv.org\/new\/wp-json\/wp\/v2\/types\/post"}],"author":[{"embeddable":true,"href":"https:\/\/www.espv.org\/new\/wp-json\/wp\/v2\/users\/5"}],"replies":[{"embeddable":true,"href":"https:\/\/www.espv.org\/new\/wp-json\/wp\/v2\/comments?post=29678"}],"version-history":[{"count":2,"href":"https:\/\/www.espv.org\/new\/wp-json\/wp\/v2\/posts\/29678\/revisions"}],"predecessor-version":[{"id":29682,"href":"https:\/\/www.espv.org\/new\/wp-json\/wp\/v2\/posts\/29678\/revisions\/29682"}],"wp:featuredmedia":[{"embeddable":true,"href":"https:\/\/www.espv.org\/new\/wp-json\/wp\/v2\/media\/29684"}],"wp:attachment":[{"href":"https:\/\/www.espv.org\/new\/wp-json\/wp\/v2\/media?parent=29678"}],"wp:term":[{"taxonomy":"category","embeddable":true,"href":"https:\/\/www.espv.org\/new\/wp-json\/wp\/v2\/categories?post=29678"},{"taxonomy":"post_tag","embeddable":true,"href":"https:\/\/www.espv.org\/new\/wp-json\/wp\/v2\/tags?post=29678"}],"curies":[{"name":"wp","href":"https:\/\/api.w.org\/{rel}","templated":true}]}}