{"id":29594,"date":"2023-11-11T13:42:32","date_gmt":"2023-11-11T12:42:32","guid":{"rendered":"https:\/\/www.espv.org\/new\/?p=29594"},"modified":"2026-03-08T17:15:59","modified_gmt":"2026-03-08T16:15:59","slug":"communique-de-la-reunion-ministerielle-de-haut-niveau-sur-la-securite-sanitaire-en-afrique-centrale","status":"publish","type":"post","link":"https:\/\/www.espv.org\/new\/communique-de-la-reunion-ministerielle-de-haut-niveau-sur-la-securite-sanitaire-en-afrique-centrale\/","title":{"rendered":"Communiqu\u00e9 de la r\u00e9union minist\u00e9rielle de Haut niveau sur la S\u00e9curit\u00e9 Sanitaire en Afrique Centrale"},"content":{"rendered":"<div class=\"wp-block-image\">\n<figure class=\"aligncenter size-full\"><img loading=\"lazy\" decoding=\"async\" width=\"1024\" height=\"683\" src=\"https:\/\/www.espv.org\/new\/wp-content\/uploads\/2023\/11\/COMMUNIQUE-AFRIQUE-CENTRALE-1024x683-1.jpg\" alt=\"\" class=\"wp-image-29595\" srcset=\"https:\/\/www.espv.org\/new\/wp-content\/uploads\/2023\/11\/COMMUNIQUE-AFRIQUE-CENTRALE-1024x683-1.jpg 1024w, https:\/\/www.espv.org\/new\/wp-content\/uploads\/2023\/11\/COMMUNIQUE-AFRIQUE-CENTRALE-1024x683-1-300x200.jpg 300w, https:\/\/www.espv.org\/new\/wp-content\/uploads\/2023\/11\/COMMUNIQUE-AFRIQUE-CENTRALE-1024x683-1-768x512.jpg 768w\" sizes=\"auto, (max-width: 1024px) 100vw, 1024px\" \/><\/figure>\n<\/div>\n\n\n<p>Nous, ministres de la Sant\u00e9 des \u00c9tats membres de l\u2019Union africaine de la r\u00e9gion de l\u2019Afrique centrale, r\u00e9unis le 27 octobre 2023 \u00e0 Oyala, en Guin\u00e9e \u00e9quatoriale;<br>NOTANT AVEC PR\u00c9OCCUPATION l\u2019augmentation du nombre d\u2019\u00e9v\u00e9nements de sant\u00e9 publique et d\u2019\u00e9pid\u00e9mies r\u00e9currentes sur le continent et leur \u00e9norme impact socio-\u00e9conomique;<br>CONSCIENTS du lourd fardeau que repr\u00e9sentent les \u00e9pid\u00e9mies et autres situations d\u2019urgence dans notre r\u00e9gion, ainsi que des risques imminents li\u00e9s aux maladies \u00e9mergentes et r\u00e9-\u00e9mergentes;<br>RECONNAISSANT les difficult\u00e9s li\u00e9es \u00e0 la coordination et \u00e0 la gestion des ressources, des informations<br>et des donn\u00e9es en vue de se pr\u00e9parer et de r\u00e9agir aux multiples \u00e9pid\u00e9mies et autres situations d\u2019urgence en Afrique y compris le fardeau des infections nosocomiales et la n\u00e9cessit\u00e9 de renforcer la pr\u00e9vention et le contr\u00f4le des infections en milieux hospitalier et communautaire;<br>RECONNAISSANT aussi l\u2019importance des soins de sant\u00e9 primaire, comme \u00e9l\u00e9ment constituant la base de l\u2019\u00e9quit\u00e9 en sant\u00e9 et le r\u00f4le des communaut\u00e9s dans l\u2019alerte pr\u00e9coce, la d\u00e9tection et la riposte contre les \u00e9v\u00e8nements de sant\u00e9 publique et les \u00e9pid\u00e9mies ;<br>PRENANT ACTE des cadres, protocoles, strat\u00e9gies et accords existants en la mati\u00e8re ;<br>ACCUEILLANT AVEC SATISFACTION l\u2019appel \u00e0 l\u2019action de Lusaka visant \u00e0 renforcer les centres d\u2019op\u00e9rations d\u2019urgence en sant\u00e9 publique en Afrique ;<br>SE F\u00c9LICITANT de l\u2019\u00e9troite collaboration et des efforts d\u00e9ploy\u00e9s par le CDC Afrique, l\u2019OMS et d\u2019autres partenaires pour renforcer et mettre en place les COUSP ;<br>CONSCIENTS que les \u00c9tats membres de l\u2019Union africaine se trouvent \u00e0 diff\u00e9rents stades de la mise en place de COUSP nationaux et fonctionnels afin de respecter les engagements pris dans le cadre du R\u00e8glement sanitaire international (RSI) ;<br>TENANT COMPTE de l\u2019importance des mouvements transfrontaliers et de l\u2019interconnexion des communaut\u00e9s, ainsi que du r\u00f4le de la mobilit\u00e9 et de la migration des populations \u00e0 travers les fronti\u00e8res dans la propagation des \u00e9pid\u00e9mies, des \u00e9pizooties et des urgences de sant\u00e9 publique ;<br>CONSCIENTS de l\u2019impact n\u00e9gatif des \u00e9pid\u00e9mies, des \u00e9pizooties et des urgences de sant\u00e9 publique sur le d\u00e9veloppement \u00e9conomique et social r\u00e9gional et mondial, en particulier dans la r\u00e9gion de l\u2019Afrique centrale ;<br>CONSCIENTS EN OUTRE de l\u2019insuffisance du partage des donn\u00e9es, de l\u2019interop\u00e9rabilit\u00e9 des syst\u00e8mes de donn\u00e9es et de l\u2019absence de lignes directrices claires en mati\u00e8re d\u2019\u00e9change d\u2019informations et de collaboration transfrontali\u00e8res dans le domaine de la sant\u00e9 publique ;<br>NOTANT l\u2019importance de la coordination et de la coop\u00e9ration entre pays voisins en mati\u00e8re de pr\u00e9paration et de r\u00e9action \u00e0 la propagation internationale de maladies infectieuses ou \u00e0 des \u00e9v\u00e9nements de sant\u00e9 publique de port\u00e9e internationale ;<\/p>\n\n\n\n<p><strong>APPELONS les \u00c9tats membres de l\u2019UA de la r\u00e9gion de l\u2019Afrique centrale \u00e0 :<\/strong><\/p>\n\n\n\n<ul class=\"wp-block-list\">\n<li>Mettre en place et\/ou renforcer les COUSP dot\u00e9s d\u2019un mandat l\u00e9gal, d\u2019une infrastructure ad\u00e9quate et de ressources humaines d\u00e9vou\u00e9es et bien form\u00e9es au cours des deux prochaines ann\u00e9es ;<\/li>\n\n\n\n<li>Fournir aux COUSP nationaux un financement durable pour des op\u00e9rations efficaces en r\u00e9ponse aux urgences de sant\u00e9 publique ;<\/li>\n\n\n\n<li>Soutenir la cr\u00e9ation d\u2019un groupe de travail technique (GTT) r\u00e9gional sur les COUSP qui fixe les priorit\u00e9s et suit les progr\u00e8s de la mise en oeuvre des COUSP dans la r\u00e9gion ; et Inscrire les COUSP comme point permanent \u00e0 l\u2019ordre du jour des r\u00e9unions du comit\u00e9 de pilotage r\u00e9gional.<\/li>\n\n\n\n<li>\u00c9tablir des accords\/instruments bilat\u00e9raux et multilat\u00e9raux pour faciliter la collaboration transfrontali\u00e8re et l\u203a\u00e9change d\u203ainformations sur la sant\u00e9 publique dans le cadre d\u2019une approche une sant\u00e9.<\/li>\n\n\n\n<li>\u00c9laborer et mettre en oeuvre des plans d\u203aaction conjoints pour renforcer les activit\u00e9s de surveillance transfrontali\u00e8re en vue de pr\u00e9venir les urgences de sant\u00e9 publique de port\u00e9e internationale et d\u203ay r\u00e9pondre.<\/li>\n\n\n\n<li>Renforcer la pr\u00e9vention et le contr\u00f4le des infections en milieux hospitalier et communautaire.<\/li>\n\n\n\n<li>Renforcer les soins de sant\u00e9 primaires pour mieux pr\u00e9parer la riposte aux \u00e9v\u00e8nements de sant\u00e9 publique et \u00e9pid\u00e9mies.<br>DEMANDONS au CDC Afrique de :<\/li>\n\n\n\n<li>Mettre en place et faciliter un Groupe de travail technique r\u00e9gional sur les COUSP afin de d\u00e9finir les priorit\u00e9s r\u00e9gionales et de suivre les progr\u00e8s de la mise en oeuvre des COUSP dans la r\u00e9gion ; et<\/li>\n\n\n\n<li>Mettre en place un programme continental de formation \u00e0 la gestion des urgences sanitaires afin de r\u00e9pondre aux besoins croissants en ressources humaines bien form\u00e9es pour les COUSP ;<\/li>\n\n\n\n<li>\u00c9laborer un cadre continental pour guider le renforcement de la surveillance transfrontali\u00e8re et le partage d\u203ainformations en mettant clairement l\u203aaccent sur les priorit\u00e9s r\u00e9gionales et les plans d\u2019action strat\u00e9giques.<\/li>\n\n\n\n<li>Mettre en place un comit\u00e9 compos\u00e9 d\u2019experts juridiques de CDC Afrique et de repr\u00e9sentants des \u00c9tats membres de l\u2019Afrique centrale pour convenir des modalit\u00e9s de conclusion de l\u2019accord de partage de donn\u00e9es, y compris l\u2019offre d\u2019un soutien politique et r\u00e9glementaire dans le cadre d\u2019un engagement global pour l\u2019accord de partage de donn\u00e9es dans la r\u00e9gion de l\u2019Afrique centrale ;<\/li>\n\n\n\n<li>Aider les \u00c9tats membres de l\u2019UA \u00e0 adapter et \u00e0 rendre op\u00e9rationnelle la strat\u00e9gie continentale de surveillance transfrontali\u00e8re.<\/li>\n\n\n\n<li>Apporter un appui technique pour le renforcement de la pr\u00e9vention et le contr\u00f4le des infections en milieux hospitalier et communautaire.<br>APPELONS EN OUTRE l\u2019OMS, les autres partenaires et les parties prenantes de la pr\u00e9paration et de la r\u00e9ponse aux situations d\u2019urgence \u00e0 :<\/li>\n\n\n\n<li>Assurer une coordination et une collaboration \u00e9troites avec le CDC Afrique et d\u2019apporter le soutien n\u00e9cessaire au groupe de travail r\u00e9gional COUSP et aux efforts de renforcement de la surveillance transfrontali\u00e8re<\/li>\n\n\n\n<li>Aider les \u00c9tats membres de l\u2019UA \u00e0 acc\u00e9l\u00e9rer la mise en oeuvre de l\u2019appel \u00e0 l\u2019action de Lusaka ; et<\/li>\n\n\n\n<li>Mobiliser les ressources et les experts n\u00e9cessaires pour acc\u00e9l\u00e9rer la mise en oeuvre des feuilles de route nationales COUSP, de la strat\u00e9gie continentale de surveillance transfrontali\u00e8re et des plans d\u2019action transfrontaliers conjoints.<br><br><strong>Fait le 27 octobre 2023, \u00e0 Oyala en Guin\u00e9e \u00e9quatoriale.<\/strong><\/li>\n<\/ul>\n\n\n\n<p><a href=\"https:\/\/africacdc.org\/wp-content\/uploads\/2023\/11\/COMMUNIQUE-Health-Security-in-Africa_ENG.pdf\" target=\"_blank\" rel=\"noopener\" title=\"\">COMMUNIQUE sur la Securite Sanitaire en Afrique Centrale \u2013 EN<\/a><\/p>\n\n\n\n<p><a href=\"https:\/\/africacdc.org\/wp-content\/uploads\/2023\/11\/COMMUNIQUE-Securite-sanitaire-en-Afrique-centrale_FR.pdf\" target=\"_blank\" rel=\"noopener\" title=\"\">COMMUNIQUE sur la Securite Sanitaire en Afrique Centrale \u2013 FR<\/a><\/p>\n\n\n\n<p><a href=\"https:\/\/africacdc.org\/wp-content\/uploads\/2023\/11\/COMMUNIQUE-Health-Security-in-Africa_SP.pdf\" target=\"_blank\" rel=\"noopener\" title=\"\">COMMUNIQUE sur la Securite Sanitaire en Afrique Centrale \u2013 SP<\/a><\/p>\n","protected":false},"excerpt":{"rendered":"<p>Nous, ministres de la Sant\u00e9 des \u00c9tats membres de l\u2019Union africaine de la r\u00e9gion de l\u2019Afrique centrale, r\u00e9unis le 27 octobre 2023 \u00e0 Oyala, en Guin\u00e9e \u00e9quatoriale;NOTANT AVEC PR\u00c9OCCUPATION l\u2019augmentation du nombre d\u2019\u00e9v\u00e9nements de sant\u00e9 publique et d\u2019\u00e9pid\u00e9mies r\u00e9currentes sur le continent et leur \u00e9norme impact socio-\u00e9conomique;CONSCIENTS du lourd fardeau que repr\u00e9sentent les \u00e9pid\u00e9mies et [&hellip;]<\/p>\n","protected":false},"author":5,"featured_media":29595,"comment_status":"open","ping_status":"open","sticky":false,"template":"","format":"standard","meta":{"_mi_skip_tracking":false,"_monsterinsights_sitenote_active":false,"_monsterinsights_sitenote_note":"","_monsterinsights_sitenote_category":0,"footnotes":""},"categories":[12],"tags":[],"class_list":["post-29594","post","type-post","status-publish","format-standard","has-post-thumbnail","hentry","category-news"],"aioseo_notices":[],"_links":{"self":[{"href":"https:\/\/www.espv.org\/new\/wp-json\/wp\/v2\/posts\/29594","targetHints":{"allow":["GET"]}}],"collection":[{"href":"https:\/\/www.espv.org\/new\/wp-json\/wp\/v2\/posts"}],"about":[{"href":"https:\/\/www.espv.org\/new\/wp-json\/wp\/v2\/types\/post"}],"author":[{"embeddable":true,"href":"https:\/\/www.espv.org\/new\/wp-json\/wp\/v2\/users\/5"}],"replies":[{"embeddable":true,"href":"https:\/\/www.espv.org\/new\/wp-json\/wp\/v2\/comments?post=29594"}],"version-history":[{"count":1,"href":"https:\/\/www.espv.org\/new\/wp-json\/wp\/v2\/posts\/29594\/revisions"}],"predecessor-version":[{"id":29596,"href":"https:\/\/www.espv.org\/new\/wp-json\/wp\/v2\/posts\/29594\/revisions\/29596"}],"wp:featuredmedia":[{"embeddable":true,"href":"https:\/\/www.espv.org\/new\/wp-json\/wp\/v2\/media\/29595"}],"wp:attachment":[{"href":"https:\/\/www.espv.org\/new\/wp-json\/wp\/v2\/media?parent=29594"}],"wp:term":[{"taxonomy":"category","embeddable":true,"href":"https:\/\/www.espv.org\/new\/wp-json\/wp\/v2\/categories?post=29594"},{"taxonomy":"post_tag","embeddable":true,"href":"https:\/\/www.espv.org\/new\/wp-json\/wp\/v2\/tags?post=29594"}],"curies":[{"name":"wp","href":"https:\/\/api.w.org\/{rel}","templated":true}]}}